{"id":1106,"date":"2010-12-23T22:47:37","date_gmt":"2010-12-23T21:47:37","guid":{"rendered":"http:\/\/qbk.blog.pl\/2010\/12\/23\/smacznej-choinki-i-w-ogole\/"},"modified":"2013-01-11T23:35:08","modified_gmt":"2013-01-11T22:35:08","slug":"smacznej-choinki-i-w-ogole","status":"publish","type":"post","link":"https:\/\/qbk.pl\/blog\/index.php\/smacznej-choinki-i-w-ogole\/","title":{"rendered":"Smacznej choinki i w og\u00f3le ;)"},"content":{"rendered":"<p>W ramach \u017cycze\u0144 \u015bwi\u0105tecznych &#8230;<\/p>\n<p><a href=\"https:\/\/qbk.pl\/blog\/index.php\/smacznej-choinki-i-w-ogole\/\"><img decoding=\"async\" class=\"alignnone\" src=\"\/\/qbk.pl\/blog.fotki\/duze\/1122.Warszawa.Wigilia.jpg\" title=\"Warszawa, dekoracje \u015bwi\u0105teczne\" border=\"0\" alt=\"\" \/><\/a><\/p>\n<p>Syrenka na niebiesko <\/p>\n<p><img decoding=\"async\" class=\"alignnone\" src=\"\/\/qbk.pl\/blog.fotki\/duze\/1123.Warszawa.Wigilia.jpg\" title=\"Warszawa, dekoracje \u015bwi\u0105teczne\" border=\"0\" alt=\"\" \/><\/p>\n<p>Przed odnowionym centralnym pojawi\u0142o si\u0119 CO\u015a <\/p>\n<p><img decoding=\"async\" class=\"alignnone\" src=\"\/\/qbk.pl\/blog.fotki\/duze\/1124.Warszawa.Wigilia.jpg\" title=\"Warszawa, dekoracje \u015bwi\u0105teczne\" border=\"0\" alt=\"\" \/><\/p>\n<p>PKiN przemalowany na choink\u0119 <\/p>\n<p><img decoding=\"async\" class=\"alignnone\" src=\"\/\/qbk.pl\/blog.fotki\/duze\/1125.Warszawa.Wigilia.jpg\" title=\"Warszawa, dekoracje \u015bwi\u0105teczne\" border=\"0\" alt=\"\" \/><\/p>\n<p>Ca\u0142kiem nowe i w ko\u0144cu \u0142adne Emilii Plater <\/p>\n<p><img decoding=\"async\" class=\"alignnone\" src=\"\/\/qbk.pl\/blog.fotki\/duze\/1126.Warszawa.Wigilia.jpg\" title=\"Warszawa, dekoracje \u015bwi\u0105teczne\" border=\"0\" alt=\"\" \/><\/p>\n<p>Wi\u0119cej Pa\u0142acu <\/p>\n<p><img decoding=\"async\" class=\"alignnone\" src=\"\/\/qbk.pl\/blog.fotki\/duze\/1127.Warszawa.Wigilia.jpg\" title=\"Warszawa, dekoracje \u015bwi\u0105teczne\" border=\"0\" alt=\"\" \/><\/p>\n<p>Zas\u0142ony? <\/p>\n<p><img decoding=\"async\" class=\"alignnone\" src=\"\/\/qbk.pl\/blog.fotki\/duze\/1128.Warszawa.Wigilia.jpg\" title=\"Warszawa, dekoracje \u015bwi\u0105teczne\" border=\"0\" alt=\"\" \/><\/p>\n<p>Plac Trzech Krzy\u017cy z fontann\u0105 <\/p>\n<p><img decoding=\"async\" class=\"alignnone\" src=\"\/\/qbk.pl\/blog.fotki\/duze\/1129.Warszawa.Wigilia.jpg\" title=\"Warszawa, dekoracje \u015bwi\u0105teczne\" border=\"0\" alt=\"\" \/><\/p>\n<p>Krakowskie Przedmie\u015bcie <\/p>\n<p><img decoding=\"async\" class=\"alignnone\" src=\"\/\/qbk.pl\/blog.fotki\/duze\/1130.Warszawa.Wigilia.jpg\" title=\"Warszawa, dekoracje \u015bwi\u0105teczne\" border=\"0\" alt=\"\" \/><\/p>\n<p>PAN w \u015bwietle, Kopernik w cieniu <\/p>\n<p><img decoding=\"async\" class=\"alignnone\" src=\"\/\/qbk.pl\/blog.fotki\/duze\/1131.Warszawa.Wigilia.jpg\" title=\"Warszawa, dekoracje \u015bwi\u0105teczne\" border=\"0\" alt=\"\" \/><\/p>\n<p>Pomnik Ma\u0142ego Powsta\u0144ca <\/p>\n<p><img decoding=\"async\" class=\"alignnone\" src=\"\/\/qbk.pl\/blog.fotki\/duze\/1132.Warszawa.Wigilia.jpg\" title=\"Warszawa, dekoracje \u015bwi\u0105teczne\" border=\"0\" alt=\"\" \/><\/p>\n<p>W tym roku choinka na placu zamkowym ma ca\u0142kiem zaawansowany sterownik o\u015bwietlenia <\/p>\n<p><img decoding=\"async\" class=\"alignnone\" src=\"\/\/qbk.pl\/blog.fotki\/duze\/1133.Warszawa.Wigilia.jpg\" title=\"Warszawa, dekoracje \u015bwi\u0105teczne\" border=\"0\" alt=\"\" \/><\/p>\n<p>Nastroje na pierwszym planie raczej nie \u015bwi\u0105teczne <\/p>\n<p><img decoding=\"async\" class=\"alignnone\" src=\"\/\/qbk.pl\/blog.fotki\/duze\/1134.Warszawa.Wigilia.jpg\" title=\"Warszawa, dekoracje \u015bwi\u0105teczne\" border=\"0\" alt=\"\" \/><\/p>\n<p>Niezawodny Nowy \u015awiat <\/p>\n<p><img decoding=\"async\" class=\"alignnone\" src=\"\/\/qbk.pl\/blog.fotki\/duze\/1135.Warszawa.Wigilia.jpg\" title=\"Warszawa, dekoracje \u015bwi\u0105teczne\" border=\"0\" alt=\"\" \/><\/p>\n<p>Spacerem w stron\u0119 Nowego Miasta<br \/>\nWarszawa, 23.12.2010<\/p>\n","protected":false},"excerpt":{"rendered":"<p>W ramach \u017cycze\u0144 \u015bwi\u0105tecznych &#8230; Syrenka na niebiesko Przed odnowionym centralnym pojawi\u0142o si\u0119 CO\u015a PKiN przemalowany na choink\u0119 Ca\u0142kiem nowe i w ko\u0144cu \u0142adne Emilii Plater Wi\u0119cej Pa\u0142acu Zas\u0142ony? Plac Trzech Krzy\u017cy z fontann\u0105 Krakowskie Przedmie\u015bcie PAN w \u015bwietle, Kopernik w cieniu Pomnik Ma\u0142ego Powsta\u0144ca W tym roku choinka na placu zamkowym ma ca\u0142kiem zaawansowany &hellip; <\/p>\n<p class=\"link-more\"><a href=\"https:\/\/qbk.pl\/blog\/index.php\/smacznej-choinki-i-w-ogole\/\" class=\"more-link\">Czytaj dalej<span class=\"screen-reader-text\"> \u201eSmacznej choinki i w og\u00f3le ;)\u201d<\/span><\/a><\/p>\n","protected":false},"author":1,"featured_media":0,"comment_status":"open","ping_status":"open","sticky":false,"template":"","format":"standard","meta":{"footnotes":""},"categories":[1],"tags":[6,98],"class_list":["post-1106","post","type-post","status-publish","format-standard","hentry","category-photo","tag-polska","tag-warszawa","entry"],"_links":{"self":[{"href":"https:\/\/qbk.pl\/blog\/index.php\/wp-json\/wp\/v2\/posts\/1106","targetHints":{"allow":["GET"]}}],"collection":[{"href":"https:\/\/qbk.pl\/blog\/index.php\/wp-json\/wp\/v2\/posts"}],"about":[{"href":"https:\/\/qbk.pl\/blog\/index.php\/wp-json\/wp\/v2\/types\/post"}],"author":[{"embeddable":true,"href":"https:\/\/qbk.pl\/blog\/index.php\/wp-json\/wp\/v2\/users\/1"}],"replies":[{"embeddable":true,"href":"https:\/\/qbk.pl\/blog\/index.php\/wp-json\/wp\/v2\/comments?post=1106"}],"version-history":[{"count":1,"href":"https:\/\/qbk.pl\/blog\/index.php\/wp-json\/wp\/v2\/posts\/1106\/revisions"}],"predecessor-version":[{"id":1136,"href":"https:\/\/qbk.pl\/blog\/index.php\/wp-json\/wp\/v2\/posts\/1106\/revisions\/1136"}],"wp:attachment":[{"href":"https:\/\/qbk.pl\/blog\/index.php\/wp-json\/wp\/v2\/media?parent=1106"}],"wp:term":[{"taxonomy":"category","embeddable":true,"href":"https:\/\/qbk.pl\/blog\/index.php\/wp-json\/wp\/v2\/categories?post=1106"},{"taxonomy":"post_tag","embeddable":true,"href":"https:\/\/qbk.pl\/blog\/index.php\/wp-json\/wp\/v2\/tags?post=1106"}],"curies":[{"name":"wp","href":"https:\/\/api.w.org\/{rel}","templated":true}]}}