{"id":4386,"date":"2017-12-23T19:20:11","date_gmt":"2017-12-23T18:20:11","guid":{"rendered":"https:\/\/qbk.pl\/blog\/?p=4386"},"modified":"2017-12-25T15:30:09","modified_gmt":"2017-12-25T14:30:09","slug":"45-godziny-slonca-i-troche-wieje","status":"publish","type":"post","link":"https:\/\/qbk.pl\/blog\/index.php\/45-godziny-slonca-i-troche-wieje\/","title":{"rendered":"4,5 godziny s\u0142o\u0144ca i troch\u0119 wieje"},"content":{"rendered":"<p><a href=\"https:\/\/qbk.pl\/blog\/index.php\/45-godziny-slonca-i-troche-wieje\/\"><img decoding=\"async\" title=\"\u201eSweden\" src=\"\/\/qbk.pl\/blog.fotki\/duze\/4885.Sweden.Ostersund.jpg\" \/><\/a><\/p>\n<p>Godzina 13:00, s\u0142o\u0144ce tu\u017c nad horyzontem i per\u0142owe niebo. Witamy w \u00d6stersund<\/p>\n<p><!--more--><\/p>\n<p>Pisa\u0142em ju\u017c Wam wczoraj, \u017ce w miesi\u0105cach zimowych dzie\u0144 jest bardzo kr\u00f3tki, w grudniu trwa ok 4,5 godziny. S\u0142o\u0144ce wznosi si\u0119 maksymalnie 10 stopni nad horyzontem a \u015bwiat\u0142o jest marzeniem ka\u017cdego fotografa &#8211; same wschody i zachody. O ile oczywi\u015bcie je wida\u0107, bo kiedy chowa si\u0119\u00a0za chmur\u0119 robi si\u0119 naprawd\u0119 ciemno. I ponuro.<\/p>\n<p>W miesi\u0105cach letnich dzie\u0144 trwa prawie ca\u0142\u0105 dob\u0119. S\u0142o\u0144ce tylko na chwil\u0119 chowa si\u0119 za horyzont, ale nadal jest jasno i po dw\u00f3ch czy trzech godzinach mamy wsch\u00f3d. Troch\u0119 to niesamowite, zw\u0142aszcza dla osoby kt\u00f3ra zazwyczaj podr\u00f3\u017cuje w tropiki, gdzie s\u0142o\u0144ce wchodzi i zachodzi b\u0142yskawicznie, a dzie\u0144 trwa od 6 rano do 18 wiecz\u00f3r &#8211; plus minus 20 minut. Chyba ci\u0119\u017cko na p\u00f3\u0142nocy z\u0142apa\u0107 sta\u0142y rytm dnia.<\/p>\n<p>Nie jest zimno, mamy troch\u0119\u00a0\u015bniegu a temperatura waha si\u0119 w okolicach 0 stC. Za to bardzo, bardzo wieje, na tyle mocno, \u017ce dzisiaj na otwartej przestrzeni ci\u0119\u017cko by\u0142o otworzy\u0107 drzwi samochodu. P\u00f3\u0142noc jest surow\u0105 krain\u0105. Takie te\u017c s\u0105 jej krajobrazy.<\/p>\n<p><img decoding=\"async\" title=\"\u201eSweden\" src=\"\/\/qbk.pl\/blog.fotki\/duze\/4886.Sweden.Ostersund.jpg\" \/><\/p>\n<p>Ruiny starego ko\u015bcio\u0142a niedaleko \u00d6stersund<\/p>\n<p><img decoding=\"async\" title=\"\u201eSweden\" src=\"\/\/qbk.pl\/blog.fotki\/duze\/4887.Sweden.Ostersund.jpg\" \/><\/p>\n<p>Wyspy Anders\u00f6ns<\/p>\n<p><img decoding=\"async\" title=\"\u201eSweden\" src=\"\/\/qbk.pl\/blog.fotki\/duze\/4888.Sweden.Ostersund.jpg\" \/><\/p>\n<p>Wyspy Anders\u00f6n, punkt obserwacyjny potwora Storsj\u00f6odjuret<\/p>\n<p><img decoding=\"async\" title=\"\u201eSweden\" src=\"\/\/qbk.pl\/blog.fotki\/duze\/4889.Sweden.Ostersund.jpg\" \/><\/p>\n<p>Prom. Jeszcze by\u0142 czynny, w \u015brodku zimy jezioro zamarza i lokalni wytyczaj\u0105 w tym miejscu drog\u0119 przez jezioro.<\/p>\n<p><img decoding=\"async\" title=\"\u201eSweden\" src=\"\/\/qbk.pl\/blog.fotki\/duze\/4890.Sweden.Ostersund.jpg\" \/><\/p>\n<p>Po\u0142udnie na p\u00f3\u0142nocy<\/p>\n<p><img decoding=\"async\" title=\"\u201eSweden\" src=\"\/\/qbk.pl\/blog.fotki\/duze\/4891.Sweden.Ostersund.jpg\" \/><\/p>\n<p>Miejscowo\u015b\u0107 Hack\u00e5s<\/p>\n<p><img decoding=\"async\" title=\"\u201eSweden\" src=\"\/\/qbk.pl\/blog.fotki\/duze\/4892.Sweden.Ostersund.jpg\" \/><\/p>\n<p>Hack\u00e5s kyrka, stary ko\u015bci\u00f3\u0142 w miejscowo\u015bci Hack\u00e5s.<\/p>\n<p><img decoding=\"async\" title=\"\u201eSweden\" src=\"\/\/qbk.pl\/blog.fotki\/duze\/4893.Sweden.Ostersund.jpg\" \/><\/p>\n<p>Szlak pielgrzymkowy<\/p>\n<p><img decoding=\"async\" title=\"\u201eSweden\" src=\"\/\/qbk.pl\/blog.fotki\/duze\/4894.Sweden.Ostersund.jpg\" \/><\/p>\n<p>Niesamowite s\u0105 te surowe, zimowe krajobrazy<\/p>\n<p><img decoding=\"async\" title=\"\u201eSweden\" src=\"\/\/qbk.pl\/blog.fotki\/duze\/4895.Sweden.Ostersund.jpg\" \/><\/p>\n<p><img decoding=\"async\" title=\"\u201eSweden\" src=\"\/\/qbk.pl\/blog.fotki\/duze\/4896.Sweden.Ostersund.jpg\" \/><\/p>\n<p>Przysta\u0144 ko\u015bcielna. Jezioro ju\u017c zacz\u0119\u0142o zamarza\u0107.<\/p>\n<p><img decoding=\"async\" title=\"\u201eSweden\" src=\"\/\/qbk.pl\/blog.fotki\/duze\/4897.Sweden.Ostersund.jpg\" \/><\/p>\n<p>Faluj\u0105cy l\u00f3d, jest nawet filmik (by Asia):<\/p>\n<p><iframe loading=\"lazy\" width=\"560\" height=\"315\" src=\"https:\/\/www.youtube.com\/embed\/AbCgb2Udt_I?rel=0\" frameborder=\"0\" gesture=\"media\" allow=\"encrypted-media\" allowfullscreen><\/iframe><\/p>\n<p><img decoding=\"async\" title=\"\u201eSweden\" src=\"\/\/qbk.pl\/blog.fotki\/duze\/4898.Sweden.Ostersund.jpg\" \/><\/p>\n<p>Marz\u0119 o zobaczeniu zorzy polarnej, ale jest za ciep\u0142o. Za to chmury w kolorach t\u0119czy te\u017c by\u0142y bardzo ciekawe. Miejscowi m\u00f3wi\u0105 na to zjawisko &#8222;niebo w kolorach per\u0142y&#8221;.<\/p>\n<p><img decoding=\"async\" title=\"\u201eSweden\" src=\"\/\/qbk.pl\/blog.fotki\/duze\/4899.Sweden.Ostersund.jpg\" \/><\/p>\n<p>Na koniec kilka fotek z centrum \u00d6stersund w dekoracji \u015bwi\u0105tecznej. W ko\u0144cu mamy 23 grudnia, zatem Spokojnych \u015awi\u0105t!<\/p>\n<p><img decoding=\"async\" title=\"\u201eSweden\" src=\"\/\/qbk.pl\/blog.fotki\/duze\/4900.Sweden.Ostersund.jpg\" \/><\/p>\n<p><img decoding=\"async\" title=\"\u201eSweden\" src=\"\/\/qbk.pl\/blog.fotki\/duze\/4901.Sweden.Ostersund.jpg\" \/><\/p>\n<p>\u00d6stersund, Szwecja, grudzie\u0144 2017<\/p>\n","protected":false},"excerpt":{"rendered":"<p>Godzina 13:00, s\u0142o\u0144ce tu\u017c nad horyzontem i per\u0142owe niebo. Witamy w \u00d6stersund<\/p>\n","protected":false},"author":1,"featured_media":0,"comment_status":"open","ping_status":"open","sticky":false,"template":"","format":"standard","meta":{"footnotes":""},"categories":[1],"tags":[775,760],"class_list":["post-4386","post","type-post","status-publish","format-standard","hentry","category-photo","tag-ostersund","tag-szwecja","entry"],"_links":{"self":[{"href":"https:\/\/qbk.pl\/blog\/index.php\/wp-json\/wp\/v2\/posts\/4386","targetHints":{"allow":["GET"]}}],"collection":[{"href":"https:\/\/qbk.pl\/blog\/index.php\/wp-json\/wp\/v2\/posts"}],"about":[{"href":"https:\/\/qbk.pl\/blog\/index.php\/wp-json\/wp\/v2\/types\/post"}],"author":[{"embeddable":true,"href":"https:\/\/qbk.pl\/blog\/index.php\/wp-json\/wp\/v2\/users\/1"}],"replies":[{"embeddable":true,"href":"https:\/\/qbk.pl\/blog\/index.php\/wp-json\/wp\/v2\/comments?post=4386"}],"version-history":[{"count":15,"href":"https:\/\/qbk.pl\/blog\/index.php\/wp-json\/wp\/v2\/posts\/4386\/revisions"}],"predecessor-version":[{"id":4410,"href":"https:\/\/qbk.pl\/blog\/index.php\/wp-json\/wp\/v2\/posts\/4386\/revisions\/4410"}],"wp:attachment":[{"href":"https:\/\/qbk.pl\/blog\/index.php\/wp-json\/wp\/v2\/media?parent=4386"}],"wp:term":[{"taxonomy":"category","embeddable":true,"href":"https:\/\/qbk.pl\/blog\/index.php\/wp-json\/wp\/v2\/categories?post=4386"},{"taxonomy":"post_tag","embeddable":true,"href":"https:\/\/qbk.pl\/blog\/index.php\/wp-json\/wp\/v2\/tags?post=4386"}],"curies":[{"name":"wp","href":"https:\/\/api.w.org\/{rel}","templated":true}]}}