{"id":536,"date":"2012-09-10T08:52:50","date_gmt":"2012-09-10T07:52:50","guid":{"rendered":"http:\/\/qbk.pl\/blog\/?p=536"},"modified":"2012-09-10T09:09:42","modified_gmt":"2012-09-10T08:09:42","slug":"madera-3","status":"publish","type":"post","link":"https:\/\/qbk.pl\/blog\/index.php\/madera-3\/","title":{"rendered":"Madera #3"},"content":{"rendered":"<p><a href=\"https:\/\/qbk.pl\/blog\/index.php\/madera-3\/\"><img decoding=\"async\" class=\"alignnone\" title=\"Madera Madeira\" src=\"\/\/qbk.pl\/blog.fotki\/duze\/2260.Madeira.jpg\" alt=\"\" \/><\/a><\/p>\n<p>Czerwone dachy Funchal. Dachy s\u0105 jednolite bo lokalne w\u0142adze tego wymagaj\u0105. Je\u017celi kogo\u015b nie sta\u0107 na czerwon\u0105 dach\u00f3wk\u0119 to dostaje dofinansowanie od miasta. Ach, ta estetyka :)<\/p>\n<p><img decoding=\"async\" class=\"alignnone\" title=\"Madera Madeira\" src=\"\/\/qbk.pl\/blog.fotki\/duze\/2255.Madeira.jpg\" alt=\"\" \/><\/p>\n<p><img decoding=\"async\" class=\"alignnone\" title=\"Madera Madeira\" src=\"\/\/qbk.pl\/blog.fotki\/duze\/2258.Madeira.jpg\" alt=\"\" \/><\/p>\n<p>Porto Moniz, pi\u0119kne miasteczko na p\u00f3\u0142nocy wyspy.<br \/>\nCiekawostk\u0105 jest fakt, \u017ce p\u00f3\u0142noc z po\u0142udniem nie mia\u0142y drogowego po\u0142\u0105czenia a\u017c do lat 80&#8217;tych. Jedyn\u0105 mo\u017cliwo\u015bci\u0105 transportu by\u0142 ocean.<\/p>\n<p><img decoding=\"async\" class=\"alignnone\" title=\"Madera Madeira\" src=\"\/\/qbk.pl\/blog.fotki\/duze\/2257.Madeira.jpg\" alt=\"\" \/><\/p>\n<p><img decoding=\"async\" class=\"alignnone\" title=\"Madera Madeira\" src=\"\/\/qbk.pl\/blog.fotki\/duze\/2256.Madeira.jpg\" alt=\"\" \/><\/p>\n<p>Nadbrze\u017cna droga do Porto Moniz.<br \/>\nTeraz podobno ju\u017c zamkni\u0119ta, mi si\u0119 jeszcze w 2008 roku uda\u0142o ni\u0105 przejecha\u0107. Wra\u017cenia niesamowite, z lewej pionowe ska\u0142y, z prawej urwisko i ocean. A nad drog\u0105 wodospady&#8230;<\/p>\n<p><img decoding=\"async\" class=\"alignnone\" title=\"Madera Madeira\" src=\"\/\/qbk.pl\/blog.fotki\/duze\/2259.Madeira.jpg\" alt=\"\" \/><\/p>\n<p>\u0141adny fiolet ;)<\/p>\n<p><img decoding=\"async\" class=\"alignnone\" title=\"Madera Madeira\" src=\"\/\/qbk.pl\/blog.fotki\/duze\/2261.Madeira.jpg\" alt=\"\" \/><\/p>\n<p><img decoding=\"async\" class=\"alignnone\" title=\"Madera Madeira\" src=\"\/\/qbk.pl\/blog.fotki\/duze\/2262.Madeira.jpg\" alt=\"\" \/><\/p>\n<p>Turystycznie s\u0142ynny zjazd w\u00f3zkami ze wzg\u00f3rza Monte. Dla fascynat\u00f3w gatunku.<\/p>\n<p><img decoding=\"async\" class=\"alignnone\" title=\"Madera Madeira\" src=\"\/\/qbk.pl\/blog.fotki\/duze\/2254.Madeira.jpg\" alt=\"\" \/><\/p>\n<p>20 16 14<\/p>\n<p>Madera, kwiecie\u0144 2008<\/p>\n","protected":false},"excerpt":{"rendered":"<p>Czerwone dachy Funchal. Dachy s\u0105 jednolite bo lokalne w\u0142adze tego wymagaj\u0105. Je\u017celi kogo\u015b nie sta\u0107 na czerwon\u0105 dach\u00f3wk\u0119 to dostaje dofinansowanie od miasta. Ach, ta estetyka :) Porto Moniz, pi\u0119kne miasteczko na p\u00f3\u0142nocy wyspy. Ciekawostk\u0105 jest fakt, \u017ce p\u00f3\u0142noc z po\u0142udniem nie mia\u0142y drogowego po\u0142\u0105czenia a\u017c do lat 80&#8217;tych. Jedyn\u0105 mo\u017cliwo\u015bci\u0105 transportu by\u0142 ocean. Nadbrze\u017cna &hellip; <\/p>\n<p class=\"link-more\"><a href=\"https:\/\/qbk.pl\/blog\/index.php\/madera-3\/\" class=\"more-link\">Czytaj dalej<span class=\"screen-reader-text\"> \u201eMadera #3\u201d<\/span><\/a><\/p>\n","protected":false},"author":1,"featured_media":0,"comment_status":"open","ping_status":"open","sticky":false,"template":"","format":"standard","meta":{"footnotes":""},"categories":[1],"tags":[20],"class_list":["post-536","post","type-post","status-publish","format-standard","hentry","category-photo","tag-madera","entry"],"_links":{"self":[{"href":"https:\/\/qbk.pl\/blog\/index.php\/wp-json\/wp\/v2\/posts\/536","targetHints":{"allow":["GET"]}}],"collection":[{"href":"https:\/\/qbk.pl\/blog\/index.php\/wp-json\/wp\/v2\/posts"}],"about":[{"href":"https:\/\/qbk.pl\/blog\/index.php\/wp-json\/wp\/v2\/types\/post"}],"author":[{"embeddable":true,"href":"https:\/\/qbk.pl\/blog\/index.php\/wp-json\/wp\/v2\/users\/1"}],"replies":[{"embeddable":true,"href":"https:\/\/qbk.pl\/blog\/index.php\/wp-json\/wp\/v2\/comments?post=536"}],"version-history":[{"count":4,"href":"https:\/\/qbk.pl\/blog\/index.php\/wp-json\/wp\/v2\/posts\/536\/revisions"}],"predecessor-version":[{"id":540,"href":"https:\/\/qbk.pl\/blog\/index.php\/wp-json\/wp\/v2\/posts\/536\/revisions\/540"}],"wp:attachment":[{"href":"https:\/\/qbk.pl\/blog\/index.php\/wp-json\/wp\/v2\/media?parent=536"}],"wp:term":[{"taxonomy":"category","embeddable":true,"href":"https:\/\/qbk.pl\/blog\/index.php\/wp-json\/wp\/v2\/categories?post=536"},{"taxonomy":"post_tag","embeddable":true,"href":"https:\/\/qbk.pl\/blog\/index.php\/wp-json\/wp\/v2\/tags?post=536"}],"curies":[{"name":"wp","href":"https:\/\/api.w.org\/{rel}","templated":true}]}}